{"id":6577,"date":"2023-04-20T15:32:48","date_gmt":"2023-04-20T13:32:48","guid":{"rendered":"https:\/\/www.kfc.upol.cz\/?p=6577"},"modified":"2023-04-20T15:32:48","modified_gmt":"2023-04-20T13:32:48","slug":"oslava-20-let-katedry","status":"publish","type":"post","link":"https:\/\/www.kfc.upol.cz\/en\/blog\/2023\/04\/20\/oslava-20-let-katedry\/","title":{"rendered":"Oslava 20 let katedry"},"content":{"rendered":"<p><span class=\"fontstyle0\">R\u00e1di bychom V\u00e1s srde\u010dn\u011b pozvali na slavnostn\u00ed akci k 20. v\u00fdro\u010d\u00ed vzniku Katedry fyzik\u00e1ln\u00ed chemie Univerzity Palack\u00e9ho v Olomouci. Akce se bude konat v <\/span><span class=\"fontstyle2\">\u00fater\u00fd 25. dubna 2023 od 13:00 do 17:00 hodin<br \/>\n<\/span><span class=\"fontstyle0\">v aule P\u0159\u00edrodov\u011bdeck\u00e9 fakulty Univerzity Palack\u00e9ho v Olomouci. P\u0159edn\u00e1\u0161ky a oslavy spolupo\u0159\u00e1d\u00e1 Olomouck\u00e1 pobo\u010dka <a href=\"https:\/\/csch.cz\/\">\u010cesk\u00e9 spole\u010dnosti chemick\u00e9<\/a>.<\/span><\/p>\n","protected":false},"excerpt":{"rendered":"<p>R\u00e1di bychom V\u00e1s srde\u010dn\u011b pozvali na slavnostn\u00ed akci k 20. v\u00fdro\u010d\u00ed vzniku Katedry fyzik\u00e1ln\u00ed chemie Univerzity Palack\u00e9ho v Olomouci. Akce se bude konat v \u00fater\u00fd&#8230;<\/p>\n","protected":false},"author":3,"featured_media":6576,"comment_status":"closed","ping_status":"closed","sticky":false,"template":"","format":"standard","meta":{"footnotes":""},"categories":[1],"tags":[],"class_list":{"0":"post-6577","1":"post","2":"type-post","3":"status-publish","4":"format-standard","5":"has-post-thumbnail","7":"category-nezarazene"},"_links":{"self":[{"href":"https:\/\/www.kfc.upol.cz\/en\/wp-json\/wp\/v2\/posts\/6577","targetHints":{"allow":["GET"]}}],"collection":[{"href":"https:\/\/www.kfc.upol.cz\/en\/wp-json\/wp\/v2\/posts"}],"about":[{"href":"https:\/\/www.kfc.upol.cz\/en\/wp-json\/wp\/v2\/types\/post"}],"author":[{"embeddable":true,"href":"https:\/\/www.kfc.upol.cz\/en\/wp-json\/wp\/v2\/users\/3"}],"replies":[{"embeddable":true,"href":"https:\/\/www.kfc.upol.cz\/en\/wp-json\/wp\/v2\/comments?post=6577"}],"version-history":[{"count":1,"href":"https:\/\/www.kfc.upol.cz\/en\/wp-json\/wp\/v2\/posts\/6577\/revisions"}],"predecessor-version":[{"id":6578,"href":"https:\/\/www.kfc.upol.cz\/en\/wp-json\/wp\/v2\/posts\/6577\/revisions\/6578"}],"wp:featuredmedia":[{"embeddable":true,"href":"https:\/\/www.kfc.upol.cz\/en\/wp-json\/wp\/v2\/media\/6576"}],"wp:attachment":[{"href":"https:\/\/www.kfc.upol.cz\/en\/wp-json\/wp\/v2\/media?parent=6577"}],"wp:term":[{"taxonomy":"category","embeddable":true,"href":"https:\/\/www.kfc.upol.cz\/en\/wp-json\/wp\/v2\/categories?post=6577"},{"taxonomy":"post_tag","embeddable":true,"href":"https:\/\/www.kfc.upol.cz\/en\/wp-json\/wp\/v2\/tags?post=6577"}],"curies":[{"name":"wp","href":"https:\/\/api.w.org\/{rel}","templated":true}]}}